{"id":10527,"date":"2026-04-26T22:27:33","date_gmt":"2026-04-26T22:27:33","guid":{"rendered":"https:\/\/musictechohio.online\/site\/el-ultimo-de-la-fila-returns-30-years-reunion-tour-recap-1236231967\/"},"modified":"2026-04-26T22:27:33","modified_gmt":"2026-04-26T22:27:33","slug":"el-ultimo-de-la-fila-returns-30-years-reunion-tour-recap-1236231967","status":"publish","type":"post","link":"https:\/\/musictechohio.online\/site\/el-ultimo-de-la-fila-returns-30-years-reunion-tour-recap-1236231967\/","title":{"rendered":"El \u00daltimo de la Fila Return After 30 Years to Prove Their Songs Still Belong to\u00a0Everyone"},"content":{"rendered":"<div><!-- do not apply CSS styles to this element! --><\/p>\n<div class=\"pmc-paywall\">\n<p class=\"paragraph larva \/\/ lrv-u-margin-lr-auto  lrv-a-font-body-m   \">\n\t<strong>El \u00daltimo de la Fila<\/strong> returned to the stage for the first time in 30 years on Saturday night (April 25). The iconic rock band kicked off their reunion tour at Marenostrum Fuengirola, an open-air venue on the southern coast of Spain by the Mediterranean, at the foot of Sohail Castle.<\/p>\n<p class=\"paragraph larva \/\/ lrv-u-margin-lr-auto  lrv-a-font-body-m   \">\n\tAt 10:00 p.m. sharp, the screens lit up with visuals inspired by 1980s video games, featuring an animated cootie-catcher as an introduction. Then, a brief blackout led to the band\u2019s entrance.<\/p>\n<p class=\"paragraph larva \/\/ lrv-u-margin-lr-auto  lrv-a-font-body-m   \">\n\tThe show opened with \u201cHuesos\u201d by Los Burros, the band in which Manolo Garc\u00eda and Quimi Portet first collaborated before forming El \u00daltimo de la Fila in 1985. Backed by a large band and two drummers, Garc\u00eda appeared with a scarf in hand, while Portet stood beside him with his guitar, as if no time had passed.<\/p>\n<p class=\"paragraph larva \/\/ lrv-u-margin-lr-auto  lrv-a-font-body-m   \">\n\tThe last time they performed together was on March 22, 1996, at the Palau d\u2019Esports de Granollers in Barcelona. Two years later, on January 13, 1998, they announced their separation in a press release citing \u201cmusical fatigue.\u201d<\/p>\n<p class=\"paragraph larva \/\/ lrv-u-margin-lr-auto  lrv-a-font-body-m   \">\n\tThis reunion is not a one-off gesture. Over the years, the two have continued to work together in the studio, maintaining a relationship that never fully broke. In an interview with <em>Billboard Espa\u00f1ol<\/em> in the days leading up to the tour\u2019s launch, Portet explained how the comeback came to life: \u201cThe definitive conversation was, oddly enough, a casual chat after a meal. After that conversation, everything came together very easily and naturally,\u201d he said.<\/p>\n<p class=\"paragraph larva \/\/ lrv-u-margin-lr-auto  lrv-a-font-body-m   \">\n\tTickets for Fuengirola sold out in just four hours when they went on sale in 2025. During the show, songs like \u201cInsurrecci\u00f3n,\u201d \u201cAviones Plateados\u201d and \u201cComo un Burro Amarrado en la Puerta del Baile\u201d were sung by a multigenerational audience that couldn\u2019t hide their emotions \u2014 with many moved to tears. The show lasted about two-and-a-half hours, featuring a setlist that spanned various stages of the band\u2019s career.<\/p>\n<div class=\"post-content-image \/\/  \">\n<figure class=\"o-figure   size-full alignnone lrv-u-max-width-100p\" style=\"width:100%; max-width:608px;\">\n<div class=\"c-lazy-image   lrv-u-margin-t-125 u-padding-b-10 u-margin-t-26@mobile-max lrv-u-display-inline-block lrv-u-width-100p\">\n<div class=\"lrv-a-crop-16x9\" style=\"padding-bottom:calc((912\/608)*100%);\">\n<p>\t\t\t\t\t\t<img loading=\"lazy\" class=\"c-lazy-image__img lrv-u-background-color-grey-lightest lrv-u-width-100p lrv-u-display-block lrv-u-height-auto\" src=\"https:\/\/www.billboard.com\/wp-content\/themes\/vip\/pmc-billboard-2021\/assets\/public\/lazyload-fallback.gif\" data-lazy-src=\"https:\/\/www.billboard.com\/wp-content\/uploads\/2026\/04\/El-Ultimo-de-la-Fila-2026-Reunion-Tour-cr-Rocio-Berrobianco-billboard.jpg?w=200\" alt=\"\" data-lazy-srcset=\"https:\/\/www.billboard.com\/wp-content\/uploads\/2026\/04\/El-Ultimo-de-la-Fila-2026-Reunion-Tour-cr-Rocio-Berrobianco-billboard.jpg 608w, https:\/\/www.billboard.com\/wp-content\/uploads\/2026\/04\/El-Ultimo-de-la-Fila-2026-Reunion-Tour-cr-Rocio-Berrobianco-billboard.jpg?resize=200,300 200w\" data-lazy-sizes=\"(min-width: 87.5rem) 1000px, (min-width: 78.75rem) 681px, (min-width: 48rem) 450px, (max-width: 48rem) 100vw\" height=\"912\" width=\"608\" decoding=\"async\"><\/p><\/div>\n<\/p><\/div>\n<\/figure>\n<\/div>\n<p class=\"paragraph larva \/\/ lrv-u-margin-lr-auto  lrv-a-font-body-m   \">\n\tFormed in Barcelona in 1985 by Garc\u00eda and Portet after their time with Los R\u00e1pidos and Los Burros, El \u00daltimo de la Fila crafted a sound that defied categorization. Their music blended rock, pop and flamenco roots, but above all, it delivered songs that stayed with listeners. Over time, their repertoire became part of the collective memory of Spain and Latin America.<\/p>\n<p class=\"paragraph larva \/\/ lrv-u-margin-lr-auto  lrv-a-font-body-m   \">\n\tThe current tour includes stops in nine Spanish cities between April and July, with performances in Barcelona, Madrid, Bilbao and Valencia, among others. Additional dates were added after an overwhelming response from fans, bringing the total to 12 so far.<\/p>\n<p class=\"paragraph larva \/\/ lrv-u-margin-lr-auto  lrv-a-font-body-m   \">\n\tBefore wrapping up Saturday\u2019s concert, Garc\u00eda addressed the crowd: \u201cThank you all for being here\u2026 it\u2019s a pleasure to reconnect. Thank you from the bottom of my heart.\u201d And in closing, he left the audience with a memorable phrase: \u201cForgive the immodesty, but these songs are eternal.\u201d After bidding farewell, the band returned for a surprising final song: the mariachi classic \u201cEl Rey\u201d by Mexican composer Jos\u00e9 Alfredo Jim\u00e9nez, performed in a rock style infused with their unique touch.<\/p>\n<p class=\"paragraph larva \/\/ lrv-u-margin-lr-auto  lrv-a-font-body-m   \">\n\tSo far, the band has no other plans beyond this reunion tour. \u201cThe challenge of performing these dozen concerts is serious enough to focus all our energy on them,\u201d Garc\u00eda told <em>Billboard Espa\u00f1ol.<\/em><\/p>\n<p><a href=\"https:\/\/ubpass.co\/billboard\" target=\"_blank\" rel=\"noopener noreferrer nofollow\"><br \/>\n  <img decoding=\"async\" src=\"https:\/\/i.imgur.com\/2HpFicp.png\" alt=\"Billboard VIP Pass\" style=\"max-width: 100%;height: auto\"><br \/>\n<\/a><\/p>\n<\/div>\n<\/div>\n<div style=\"margin-top: 0px; margin-bottom: 0px;\" class=\"sharethis-inline-share-buttons\" ><\/div>","protected":false},"excerpt":{"rendered":"<p>El \u00daltimo de la Fila returned to the stage for the first time in 30 years on Saturday night (April 25). The iconic rock band kicked off their reunion tour&hellip;<\/p>\n","protected":false},"author":1,"featured_media":0,"comment_status":"closed","ping_status":"closed","sticky":false,"template":"","format":"standard","meta":{"footnotes":""},"categories":[105,497,96,94,6,3918],"tags":[],"class_list":["post-10527","post","type-post","status-publish","format-standard","hentry","category-genre-latin","category-latin","category-music","category-music-news","category-news","category-spain"],"_links":{"self":[{"href":"https:\/\/musictechohio.online\/site\/wp-json\/wp\/v2\/posts\/10527","targetHints":{"allow":["GET"]}}],"collection":[{"href":"https:\/\/musictechohio.online\/site\/wp-json\/wp\/v2\/posts"}],"about":[{"href":"https:\/\/musictechohio.online\/site\/wp-json\/wp\/v2\/types\/post"}],"author":[{"embeddable":true,"href":"https:\/\/musictechohio.online\/site\/wp-json\/wp\/v2\/users\/1"}],"replies":[{"embeddable":true,"href":"https:\/\/musictechohio.online\/site\/wp-json\/wp\/v2\/comments?post=10527"}],"version-history":[{"count":0,"href":"https:\/\/musictechohio.online\/site\/wp-json\/wp\/v2\/posts\/10527\/revisions"}],"wp:attachment":[{"href":"https:\/\/musictechohio.online\/site\/wp-json\/wp\/v2\/media?parent=10527"}],"wp:term":[{"taxonomy":"category","embeddable":true,"href":"https:\/\/musictechohio.online\/site\/wp-json\/wp\/v2\/categories?post=10527"},{"taxonomy":"post_tag","embeddable":true,"href":"https:\/\/musictechohio.online\/site\/wp-json\/wp\/v2\/tags?post=10527"}],"curies":[{"name":"wp","href":"https:\/\/api.w.org\/{rel}","templated":true}]}}