{"id":4355,"date":"2025-08-09T00:14:16","date_gmt":"2025-08-09T00:14:16","guid":{"rendered":"https:\/\/musictechohio.online\/site\/kneecap-norway-israel-oslo-festival-1236040087\/"},"modified":"2025-08-09T00:14:16","modified_gmt":"2025-08-09T00:14:16","slug":"kneecap-norway-israel-oslo-festival-1236040087","status":"publish","type":"post","link":"https:\/\/musictechohio.online\/site\/kneecap-norway-israel-oslo-festival-1236040087\/","title":{"rendered":"Kneecap Blasts Norwegian Government at Oslo Festival, Accusing It of Funding \u2018Genocide\u2019 Against\u00a0Palestinians"},"content":{"rendered":"<div><!-- do not apply CSS styles to this element! --><\/p>\n<div class=\"pmc-paywall\">\n<p class=\"paragraph larva \/\/ lrv-u-margin-lr-auto  lrv-a-font-body-m   \">\n\tIrish rap group Kneecap \u2013 which has drawn a storm of criticism, support, attention and legal action over the past half-year \u2013 continued to speak out about the war in Gaza during an afternoon set at the \u00d8yafestivalen in Oslo, Norway, on Friday (Aug. 8).<\/p>\n<div class=\"injected-related-story \/\/ lrv-u-display-inline-block lrv-u-width-100p lrv-u-margin-t-2 u-margin-t-26@mobile-max u-margin-b-0.875@mobile-max u-margin-b-150@tablet u-border-t-12 lrv-u-padding-t-025 u-padding-b-1.313 lrv-u-padding-b-125@mobile-max lrv-u-border-color-black\">\n<div class=\"\">\n<h3 id=\"title-of-a-story\" class=\"c-title  lrv-a-unstyle-link lrv-u-whitespace-nowrap lrv-u-display-inline-block u-line-height-18px a-font-accent u-letter-spacing-0225 u-font-size-16 lrv-u-color-black lrv-u-text-transform-uppercase u-article-badge-underline a-article-esp u-display-inline-flex lrv-u-margin-b-1@mobile-max u-margin-b-9@tablet\">\n<p>\t\t\t\t\tRelated\t\t<\/p>\n<\/h3><\/div>\n<div class=\"injected-related-story-wrapper lrv-u-flex lrv-u-justify-content-space-between lrv-u-padding-tb-050@desktop a-children-border-vertical a-children-border--grey a-children-border-width-050\">\n<div class=\"o-card \">\n<p>\t\t\t<a tabindex=\"0\" href=\"https:\/\/www.billboard.com\/music\/music-news\/kneecap-banned-hungary-national-security-threat-1236030002\/\" class=\"lrv-u-color-black:hover lrv-u-flex u-flex-direction-column@desktop\"><\/p>\n<div class=\"c-lazy-image  lrv-u-height-100p lrv-u-margin-b-075 lrv-u-margin-b-00@mobile-max u-width-130px@mobile-max\">\n<div class=\"a-crop-6x4 a-crop-3x2@mobile-max lrv-u-height-100p\">\n<p>\t\t\t\t\t\t<img decoding=\"async\" class=\"c-lazy-image__img lrv-u-background-color-grey-lightest lrv-u-width-100p lrv-u-display-block lrv-u-height-auto\" src=\"https:\/\/www.billboard.com\/wp-content\/uploads\/2025\/01\/Kneecap-live-oct-2025-billboard-1548.jpg?w=237&amp;h=147&amp;crop=1\" data-lazy-src=\"https:\/\/www.billboard.com\/wp-content\/uploads\/2025\/01\/Kneecap-live-oct-2025-billboard-1548.jpg?w=237&amp;h=147&amp;crop=1\" alt=\"Kneecap\" data-lazy-srcset=\"\" data-lazy-sizes=\"auto\" height=\"\" width=\"\"><\/p><\/div>\n<\/p><\/div>\n<div class=\"o-card__content \">\n<p><span class=\"c-span  lrv-u-whitespace-nowrap\"><\/p>\n<p><\/span><\/p>\n<div class=\"o_category \">\n\t\t\t\t\t<\/div>\n<div class=\"c_title \">\n<h3 id=\"title-of-a-story\" class=\"c-title  a-font-basic-fancy u-font-size-15 u-font-size-16@mobile-max u-line-height-22px u-word-spacing-0013 u-line-height-23px@mobile-max a-truncate-ellipsis-3line\">\n<p>\t\t\t\t\tKneecap Banned From Hungary for Posing \u2018National Security\u00a0Threat\u2019\t\t<\/p>\n<\/h3><\/div>\n<p><time class=\"c-timestamp  \" datetime=\"00:00-YY-DD-MM\"><\/p>\n<p><\/time><\/p><\/div>\n<p>\t\t<\/a><\/p>\n<\/div>\n<div class=\"o-card \">\n<p>\t\t\t<a tabindex=\"0\" href=\"https:\/\/www.billboard.com\/music\/rock\/carnie-wilson-tribute-dad-brian-wilson-beach-boys-funeral-1236039420\/\" class=\"lrv-u-color-black:hover lrv-u-flex u-flex-direction-column@desktop\"><\/p>\n<div class=\"c-lazy-image  lrv-u-height-100p lrv-u-margin-b-1 lrv-u-margin-b-00@mobile-max u-width-130px@mobile-max\">\n<div class=\"a-crop-6x4 a-crop-3x2@mobile-max lrv-u-height-100p\">\n<p>\t\t\t\t\t\t<img decoding=\"async\" class=\"c-lazy-image__img lrv-u-background-color-grey-lightest lrv-u-width-100p lrv-u-display-block lrv-u-height-auto\" src=\"https:\/\/www.billboard.com\/wp-content\/uploads\/2025\/08\/brian-wilson-carnie-wilson-2015-billboard-1800.jpg?w=237&amp;h=147&amp;crop=1\" data-lazy-src=\"https:\/\/www.billboard.com\/wp-content\/uploads\/2025\/08\/brian-wilson-carnie-wilson-2015-billboard-1800.jpg?w=237&amp;h=147&amp;crop=1\" alt=\"Musician Brian Wilson and singer Carnie Wilson of Wilson Phillips perform onstage during Brian Fest: A Night to Celebrate the Music of Brian Wilson at Fonda Theater on March 30, 2015 in Los Angeles, California.\" data-lazy-srcset=\"\" data-lazy-sizes=\"auto\" height=\"\" width=\"\"><\/p><\/div>\n<\/p><\/div>\n<div class=\"o-card__content \">\n<p><span class=\"c-span  lrv-u-whitespace-nowrap\"><\/p>\n<p><\/span><\/p>\n<div class=\"o_category \">\n\t\t\t\t\t<\/div>\n<div class=\"c_title \">\n<h3 id=\"title-of-a-story\" class=\"c-title  a-font-basic-fancy u-font-size-15 u-font-size-16@mobile-max u-line-height-22px u-word-spacing-0013 u-line-height-23px@mobile-max a-truncate-ellipsis-3line\">\n<p>\t\t\t\t\tCarnie Wilson Pays Tribute to Dad Brian Wilson Following Family Funeral: &#8216;God Knows What We&#8217;d Be Without Him&#8217;\t\t<\/p>\n<\/h3><\/div>\n<p><time class=\"c-timestamp  \" datetime=\"00:00-YY-DD-MM\"><\/p>\n<p><\/time><\/p><\/div>\n<p>\t\t<\/a><\/p>\n<\/div>\n<div class=\"o-card \">\n<p>\t\t\t<a tabindex=\"0\" href=\"https:\/\/www.billboard.com\/music\/rock\/beatles-60th-anniversary-show-shea-stadium-celebaration-mets-1236039418\/\" class=\"lrv-u-color-black:hover lrv-u-flex u-flex-direction-column@desktop\"><\/p>\n<div class=\"c-lazy-image  lrv-u-height-100p lrv-u-margin-b-1 lrv-u-margin-b-00@mobile-max u-width-130px@mobile-max\">\n<div class=\"a-crop-6x4 a-crop-3x2@mobile-max lrv-u-height-100p\">\n<p>\t\t\t\t\t\t<img decoding=\"async\" class=\"c-lazy-image__img lrv-u-background-color-grey-lightest lrv-u-width-100p lrv-u-display-block lrv-u-height-auto\" src=\"https:\/\/www.billboard.com\/wp-content\/uploads\/2025\/08\/beatles-shea-stadium-1965-billboard-1800.jpg?w=237&amp;h=147&amp;crop=1\" data-lazy-src=\"https:\/\/www.billboard.com\/wp-content\/uploads\/2025\/08\/beatles-shea-stadium-1965-billboard-1800.jpg?w=237&amp;h=147&amp;crop=1\" alt=\"The Beatles perform at Shea Stadium, New York on 15th August 1965.\" data-lazy-srcset=\"\" data-lazy-sizes=\"auto\" height=\"\" width=\"\"><\/p><\/div>\n<\/p><\/div>\n<div class=\"o-card__content \">\n<p><span class=\"c-span  lrv-u-whitespace-nowrap\"><\/p>\n<p><\/span><\/p>\n<div class=\"o_category \">\n\t\t\t\t\t<\/div>\n<div class=\"c_title \">\n<h3 id=\"title-of-a-story\" class=\"c-title  a-font-basic-fancy u-font-size-15 u-font-size-16@mobile-max u-line-height-22px u-word-spacing-0013 u-line-height-23px@mobile-max a-truncate-ellipsis-3line\">\n<p>\t\t\t\t\t60th Anniversary of Beatles Show at Shea Stadium to Be Celebrated by New York Mets\t\t<\/p>\n<\/h3><\/div>\n<p><time class=\"c-timestamp  \" datetime=\"00:00-YY-DD-MM\"><\/p>\n<p><\/time><\/p><\/div>\n<p>\t\t<\/a><\/p>\n<\/div><\/div>\n<\/div>\n<p class=\"paragraph larva \/\/ lrv-u-margin-lr-auto  lrv-a-font-body-m   \">\n\tRight before the trio of Mo Chara, M\u00f3gla\u00ed Bap and DJ Pr\u00f3va\u00ed took the stage, an English-language white-text-on-black-background message played on a video screen, accusing the Norwegian government of \u201cenabling\u201d the \u201cgenocide\u201d against the Palestinian people via investments held in the county\u2019s sovereign wealth fund (referenced as \u201coil pension fund\u201d in the message). \u201cOver 80,000 people have been murdered by Israel in 21 months,\u201d the band\u2019s message continued. \u201cFree Palestine.\u201d The message was greeted readily by a cheering audience. Most estimates (including those from health officials in the area) place the Palestinian death toll at more than 60,000. That number does not distinguish between civilians and Hamas militants. An estimated 18,500 of those killed were children.<\/p>\n<p class=\"paragraph larva \/\/ lrv-u-margin-lr-auto  lrv-a-font-body-m   \">\n\tWhile conflict between Israel and Palestinian territory has been ongoing for decades, the conflict escalated on Oct. 7, 2023, when Hamas militants entered Israel and killed 1,200 people, more than 800 of whom were civilians, and took 251 hostages, at least 40 of whom have <a rel=\"noreferrer noopener nofollow\" target=\"_blank\" href=\"https:\/\/www.nytimes.com\/2025\/03\/08\/world\/middleeast\/israel-hamas-gaza-hostages.html\">been killed<\/a>; around 50 hostages, both dead and alive, remain unreleased. Israel\u2019s ensuing invasion of Gaza has killed an <a rel=\"noreferrer noopener nofollow\" target=\"_blank\" href=\"https:\/\/apnews.com\/article\/palestinians-death-toll-war-health-ministry-816d592952814db869924f9626ca8876\">estimated<\/a> 60,000 and led to an ongoing humanitarian crisis, with hundreds of thousands of Palestinians displaced and facing starvation. Gaza health authorities have reported that almost 200 people have died of hunger since the conflict began and the United Nations has <a rel=\"noreferrer noopener nofollow\" target=\"_blank\" href=\"https:\/\/news.un.org\/en\/story\/2025\/08\/1165552\">estimated<\/a> that some 1300 were killed while seeking food, though Israel has frequently disputed the UN\u2019s figures. Israel\u2019s security cabinet recently approved a plan to take complete control of Gaza City and forcibly relocate at least 600,000 Palestinians, a move decried by many world leaders.<\/p>\n<p class=\"paragraph larva \/\/ lrv-u-margin-lr-auto  lrv-a-font-body-m   \">\n\tThe Norwegian government\u2019s connection to the war in Gaza is complicated. While Norway has broken with the United States and Israel by recognizing Palestine as a state, the Government Pension Fund of Norway \u2013 which invests surplus revenues from the country\u2019s petroleum industry and has more than $1.9 trillion in assets \u2013 is under scrutiny after a recent piece by <em><a rel=\"noreferrer noopener nofollow\" target=\"_blank\" href=\"https:\/\/www.aftenposten.no\/\">Aftenposten<\/a><\/em>, Norway\u2019s largest printed newspaper, reported that the sovereign wealth fund <a rel=\"noreferrer noopener nofollow\" target=\"_blank\" href=\"https:\/\/www.reuters.com\/sustainability\/boards-policy-regulation\/norway-review-sovereign-wealth-funds-israel-investments-2025-08-05\/\">invested<\/a> around $15.2 million in Bet Shemesh Engines Ltd., a jet engines parts manufacturer supplying the Israeli military, between 2023-2024. While Norway\u2019s Finance Minister Jens Stoltenberg has <a rel=\"noreferrer noopener nofollow\" target=\"_blank\" href=\"https:\/\/www.reuters.com\/sustainability\/boards-policy-regulation\/norway-wealth-fund-announce-measures-israeli-investments-tuesday-2025-08-08\/\">ruled out<\/a> wholesale divestment of Israeli companies, the newspaper\u2019s revelation spurred the government to launch a review of the sovereign wealth portfolio to ensure that it was not investing in Israeli companies contributing to the war in Gaza.<\/p>\n<p class=\"paragraph larva \/\/ lrv-u-margin-lr-auto  lrv-a-font-body-m   \">\n\tHalfway through the Belfast group\u2019s hour-long performance, they offered up more detailed thoughts on Norway\u2019s purported connection to the conflict. \u201cI don\u2019t have to lecture you people,\u201d said Kneecap\u2019s Mo Chara, wearing a keffiyeh. \u201cI can understand there\u2019s people here like, \u2018All right, we get it, I\u2019m sick of yous going on.\u2019 I wish I didn\u2019t have to talk about this, I wish I didn\u2019t have to get on stage every gig and talk about this. The fact is, as long as we\u2019re on stage and as long as nothing is changing, Kneecap will always use this platform and this stage to call out the genocide and the war criminals. I don\u2019t need to lecture you people when your oil fund is being used to fund the genocide.\u201d The majority of Kneecap\u2019s massive crowd greeted his speech with cheers and applause; many waved Palestinian flags as he spoke. The Israeli government has flatly denied committing genocide against Palestinians, and the term remains hotly debated. Some say those who accuse Israel of genocide are motivated by antisemitism, though two Israel-based human rights organizations <a rel=\"noreferrer noopener nofollow\" target=\"_blank\" href=\"https:\/\/www.theguardian.com\/world\/2025\/jul\/28\/israel-committing-genocide-in-gaza-say-israel-based-human-rights-groups\">recently<\/a> began adopting the word with regards to the war in Gaza.<\/p>\n<p class=\"paragraph larva \/\/ lrv-u-margin-lr-auto  lrv-a-font-body-m   \">\n\tMo Chara gave a \u201cquick shout-out\u201d to \u00d8yafestivalen for \u201cstanding by Kneecap\u201d despite calls for its removal from the lineup, but added that he thinks \u201cit\u2019s a disgrace and a shame that KKR\u201d \u2013 a global investment firm that owns Superstruct Entertainment, which runs \u00d8yafestivalen, among many other international music festivals \u2013 \u201cis behind all these festivals. No company investing in Israel while they commit war crimes should be involved in and taking part in music festivals,\u201d he concluded, with the crowd voicing its agreement.<\/p>\n<p class=\"paragraph larva \/\/ lrv-u-margin-lr-auto  lrv-a-font-body-m   \">\n\tCriticism of KKR wasn\u2019t limited to Kneecap\u2019s set. Outside the festival entrance on Friday, a small but vocal group of protestors gathered to urge people to boycott \u00d8yafestivalen over KKR. At a different stage, more than an hour later Kneecap wrapped, Irish rockers D.C. Fontaines flashed an onscreen message of \u201cFree Palestine,\u201d which was also greeted enthusiastically by the crowd.<\/p>\n<p class=\"paragraph larva \/\/ lrv-u-margin-lr-auto  lrv-a-font-body-m   \">\n\tMo Chara is currently facing a terrorism <a href=\"https:\/\/www.billboard.com\/music\/music-news\/kneecap-mo-chara-enters-plea-ianti-terror-case-trial-date-1236001909\/\">charge<\/a> from the British government over purportedly waving a Hezbollah flag at a concert in November 2024, where the group allegedly said \u201cup Hezbollah, up Hamas.\u201d Since then, the punk-leaning rap group released a <a rel=\"noreferrer noopener\" target=\"_blank\" href=\"https:\/\/www.rollingstone.com\/music\/music-news\/kneecap-denies-support-hamas-hezbollah-1235327200\/\">statement<\/a> declaring \u201cwe do not, and have never, supported Hamas or Hezbollah\u201d and described video footage as \u201cdeliberately taken out of context.\u201d Mo Chara alluded to the charges during the show, saying, \u201cwe love the English people, it\u2019s the English government we don\u2019t like.\u201d Not long after Kneecap first hit the \u00d8yafestivalen stage, they urged the audience to give them more of a response: \u201cFor f\u2014k sake, we\u2019re up in court on terrorism charges \u2013 give me a bit of energy.\u201d<\/p>\n<p class=\"paragraph larva \/\/ lrv-u-margin-lr-auto  lrv-a-font-body-m   \">\n\tIn July, Kneecap were <a href=\"https:\/\/www.billboard.com\/music\/music-news\/kneecap-banned-hungary-national-security-threat-1236030002\/\">banned<\/a> from performing in Hungary over what a Hungarian politician described as \u201cantisemitism and glorifying terror,\u201d calling them a \u201cnational security threat.\u201d<\/p>\n<p class=\"paragraph larva \/\/ lrv-u-margin-lr-auto  lrv-a-font-body-m   \">\n\t\u201cThe authoritarian government of Viktor Orban say we \u2018pose a national security threat,\u2019\u201d the group wrote in a statement after the ban. \u201cThere is no legal basis for his actions, no member of Kneecap has ever been convicted of any crime in any country. We stand against all hate crimes and Kneecap champions love and solidarity as well as calling out injustices where we see it\u2026. It\u2019s clear this is political distraction and a further attempt to silence those who call out genocide against the Palestinian people.\u201d<\/p>\n<\/div>\n<\/div>\n<div style=\"margin-top: 0px; margin-bottom: 0px;\" class=\"sharethis-inline-share-buttons\" ><\/div>","protected":false},"excerpt":{"rendered":"<p>Irish rap group Kneecap \u2013 which has drawn a storm of criticism, support, attention and legal action over the past half-year \u2013 continued to speak out about the war in&hellip;<\/p>\n","protected":false},"author":1,"featured_media":0,"comment_status":"closed","ping_status":"closed","sticky":false,"template":"","format":"standard","meta":{"footnotes":""},"categories":[424,96,94,95],"tags":[],"class_list":["post-4355","post","type-post","status-publish","format-standard","hentry","category-festivals","category-music","category-music-news","category-nsfs"],"_links":{"self":[{"href":"https:\/\/musictechohio.online\/site\/wp-json\/wp\/v2\/posts\/4355","targetHints":{"allow":["GET"]}}],"collection":[{"href":"https:\/\/musictechohio.online\/site\/wp-json\/wp\/v2\/posts"}],"about":[{"href":"https:\/\/musictechohio.online\/site\/wp-json\/wp\/v2\/types\/post"}],"author":[{"embeddable":true,"href":"https:\/\/musictechohio.online\/site\/wp-json\/wp\/v2\/users\/1"}],"replies":[{"embeddable":true,"href":"https:\/\/musictechohio.online\/site\/wp-json\/wp\/v2\/comments?post=4355"}],"version-history":[{"count":0,"href":"https:\/\/musictechohio.online\/site\/wp-json\/wp\/v2\/posts\/4355\/revisions"}],"wp:attachment":[{"href":"https:\/\/musictechohio.online\/site\/wp-json\/wp\/v2\/media?parent=4355"}],"wp:term":[{"taxonomy":"category","embeddable":true,"href":"https:\/\/musictechohio.online\/site\/wp-json\/wp\/v2\/categories?post=4355"},{"taxonomy":"post_tag","embeddable":true,"href":"https:\/\/musictechohio.online\/site\/wp-json\/wp\/v2\/tags?post=4355"}],"curies":[{"name":"wp","href":"https:\/\/api.w.org\/{rel}","templated":true}]}}