{"id":5497,"date":"2025-09-27T01:59:31","date_gmt":"2025-09-27T01:59:31","guid":{"rendered":"https:\/\/musictechohio.online\/site\/julie-adam-billboard-canada-women-in-music-exec-of-year\/"},"modified":"2025-09-27T01:59:31","modified_gmt":"2025-09-27T01:59:31","slug":"julie-adam-billboard-canada-women-in-music-exec-of-year","status":"publish","type":"post","link":"https:\/\/musictechohio.online\/site\/julie-adam-billboard-canada-women-in-music-exec-of-year\/","title":{"rendered":"In Canada: Universal Music Canada\u2019s Julie Adam Is Billboard Canada Women in Music\u2019s 2025 Executive of the\u00a0Year"},"content":{"rendered":"<div><!-- do not apply CSS styles to this element! --><\/p>\n<div class=\"pmc-paywall\">\n<p class=\"paragraph larva \/\/ lrv-u-margin-lr-auto  lrv-a-font-body-m   \">\n\t<strong>Julie Adam<\/strong> is having a milestone year \u2014 and it\u2019s getting even bigger.<\/p>\n<p class=\"paragraph larva \/\/ lrv-u-margin-lr-auto  lrv-a-font-body-m   \">\n\tThe president &amp; CEO of Universal Music Canada is this year\u2019s Billboard Canada Executive of the Year. She will accept the award at Billboard Canada Women in Music on Oct. 1 at Rebel in Toronto.<\/p>\n<div class=\"injected-related-story \/\/ lrv-u-display-inline-block lrv-u-width-100p lrv-u-margin-t-2 u-margin-t-26@mobile-max u-margin-b-0.875@mobile-max u-margin-b-150@tablet u-border-t-12 lrv-u-padding-t-025 u-padding-b-1.313 lrv-u-padding-b-125@mobile-max lrv-u-border-color-black\">\n<div class=\"\">\n<h3 id=\"title-of-a-story\" class=\"c-title  lrv-a-unstyle-link lrv-u-whitespace-nowrap u-font-weight-700 lrv-u-display-inline-block u-line-height-18px a-font-accent u-letter-spacing-0225 u-font-size-16 lrv-u-color-black lrv-u-text-transform-uppercase u-article-badge-underline a-article-esp u-display-inline-flex lrv-u-margin-b-1@mobile-max u-margin-b-9@tablet\">\n<p>\t\t\t\t\tRelated\t\t<\/p>\n<\/h3><\/div>\n<div class=\"injected-related-story-wrapper lrv-u-flex lrv-u-justify-content-space-between lrv-u-padding-tb-050@desktop a-children-border-vertical a-children-border--grey a-children-border-width-050\">\n<div class=\"o-card \">\n<p>\t\t\t<a tabindex=\"0\" href=\"https:\/\/www.billboard.com\/music\/music-news\/kneecap-banned-canada-alleged-terrorist-support-1236070972\/\" class=\"lrv-u-color-black:hover lrv-u-flex u-flex-direction-column@desktop\"><\/p>\n<div class=\"c-lazy-image  lrv-u-margin-b-075 lrv-u-margin-b-00@mobile-max u-width-130px@mobile-max\">\n<div class=\"a-crop-6x4 a-crop-3x2@mobile-max\">\n<p>\t\t\t\t\t\t<img decoding=\"async\" class=\"c-lazy-image__img lrv-u-background-color-grey-lightest lrv-u-width-100p lrv-u-display-block lrv-u-height-auto\" src=\"https:\/\/www.billboard.com\/pro\/julie-adam-billboard-canada-women-in-music-exec-of-year\/\" data-lazy-src=\"https:\/\/www.billboard.com\/wp-content\/uploads\/2025\/09\/kneecap-wembley-2025-billboard-1800.jpg?w=237&amp;h=147&amp;crop=1\" alt=\"Mo Chara, DJ Pr\u00f3va\u00ed and M\u00f3gla\u00ed Bap of Kneecap perform onstage during a concert at OVO Arena Wembley on September 18, 2025 in London, England.\" data-lazy-srcset=\"\" data-lazy-sizes=\"auto\" height=\"\" width=\"\"><\/p><\/div>\n<\/p><\/div>\n<div class=\"o-card__content \">\n<p><span class=\"c-span  lrv-u-whitespace-nowrap\"><\/p>\n<p><\/span><\/p>\n<div class=\"o_category \">\n\t\t\t\t\t<\/div>\n<div class=\"c_title \">\n<h3 id=\"title-of-a-story\" class=\"c-title  a-font-basic-fancy u-font-size-15 u-font-size-15.5@mobile-max u-line-height-22px u-padding-r-0.188@desktop u-word-spacing-0013 u-line-height-22.5px@mobile-max a-truncate-ellipsis-4line@mobile-max a-truncate-ellipsis-3line\">\n<p>\t\t\t\t\tKneecap Banned From Canada After Accusation of Supporting Terrorist Groups: \u2018We Will Not Accept\u00a0It\u2019\t\t<\/p>\n<\/h3><\/div>\n<p><time class=\"c-timestamp  \" datetime=\"00:00-YY-DD-MM\"><\/p>\n<p><\/time><\/p><\/div>\n<p>\t\t<\/a><\/p>\n<\/div>\n<div class=\"o-card \">\n<p>\t\t\t<a tabindex=\"0\" href=\"https:\/\/www.billboard.com\/business\/business-news\/blondish-rid-new-york-nightlife-single-use-plastic-1236072914\/\" class=\"lrv-u-color-black:hover lrv-u-flex u-flex-direction-column@desktop\"><\/p>\n<div class=\"c-lazy-image  lrv-u-margin-b-075 lrv-u-margin-b-00@mobile-max u-width-130px@mobile-max\">\n<div class=\"a-crop-6x4 a-crop-3x2@mobile-max\">\n<p>\t\t\t\t\t\t<img decoding=\"async\" class=\"c-lazy-image__img lrv-u-background-color-grey-lightest lrv-u-width-100p lrv-u-display-block lrv-u-height-auto\" src=\"https:\/\/www.billboard.com\/pro\/julie-adam-billboard-canada-women-in-music-exec-of-year\/\" data-lazy-src=\"https:\/\/www.billboard.com\/wp-content\/uploads\/2025\/09\/BLOND-ISH-Credit-Bye-Bye-Plastic-2025-billboard-1800.jpg?w=237&amp;h=147&amp;crop=1\" alt=\"BLOND:ISH\" data-lazy-srcset=\"\" data-lazy-sizes=\"auto\" height=\"\" width=\"\"><\/p><\/div>\n<\/p><\/div>\n<div class=\"o-card__content \">\n<p><span class=\"c-span  lrv-u-whitespace-nowrap\"><\/p>\n<p><\/span><\/p>\n<div class=\"o_category \">\n\t\t\t\t\t<\/div>\n<div class=\"c_title \">\n<h3 id=\"title-of-a-story\" class=\"c-title  a-font-basic-fancy u-font-size-15 u-font-size-15.5@mobile-max u-line-height-22px u-padding-r-0.188@desktop u-word-spacing-0013 u-line-height-22.5px@mobile-max a-truncate-ellipsis-4line@mobile-max a-truncate-ellipsis-3line\">\n<p>\t\t\t\t\tHow Blond:ish Plans to Eliminate 42 Tons of Waste From NYC Nightlife Every Year: &#8216;This Is My Passion&#8217;\t\t<\/p>\n<\/h3><\/div>\n<p><time class=\"c-timestamp  \" datetime=\"00:00-YY-DD-MM\"><\/p>\n<p><\/time><\/p><\/div>\n<p>\t\t<\/a><\/p>\n<\/div>\n<div class=\"o-card \">\n<p>\t\t\t<a tabindex=\"0\" href=\"https:\/\/www.billboard.com\/business\/legal\/beyonce-unreleased-music-suspect-arrested-1236068033\/\" class=\"lrv-u-color-black:hover lrv-u-flex u-flex-direction-column@desktop\"><\/p>\n<div class=\"c-lazy-image  lrv-u-margin-b-075 lrv-u-margin-b-00@mobile-max u-width-130px@mobile-max\">\n<div class=\"a-crop-6x4 a-crop-3x2@mobile-max\">\n<p>\t\t\t\t\t\t<img decoding=\"async\" class=\"c-lazy-image__img lrv-u-background-color-grey-lightest lrv-u-width-100p lrv-u-display-block lrv-u-height-auto\" src=\"https:\/\/www.billboard.com\/pro\/julie-adam-billboard-canada-women-in-music-exec-of-year\/\" data-lazy-src=\"https:\/\/www.billboard.com\/wp-content\/uploads\/2025\/04\/03-beyonce-cowboy-carter-tour-opener-2025-billboard-1548.jpg?w=237&amp;h=147&amp;crop=1\" alt=\"Beyonc\u00e9\" data-lazy-srcset=\"\" data-lazy-sizes=\"auto\" height=\"\" width=\"\"><\/p><\/div>\n<\/p><\/div>\n<div class=\"o-card__content \">\n<p><span class=\"c-span  lrv-u-whitespace-nowrap\"><\/p>\n<p><\/span><\/p>\n<div class=\"o_category \">\n\t\t\t\t\t<\/div>\n<div class=\"c_title \">\n<h3 id=\"title-of-a-story\" class=\"c-title  a-font-basic-fancy u-font-size-15 u-font-size-15.5@mobile-max u-line-height-22px u-padding-r-0.188@desktop u-word-spacing-0013 u-line-height-22.5px@mobile-max a-truncate-ellipsis-4line@mobile-max a-truncate-ellipsis-3line\">\n<p>\t\t\t\t\tSuspect Arrested in Theft of Beyonc\u00e9&#8217;s Unreleased Music\t\t<\/p>\n<\/h3><\/div>\n<p><time class=\"c-timestamp  \" datetime=\"00:00-YY-DD-MM\"><\/p>\n<p><\/time><\/p><\/div>\n<p>\t\t<\/a><\/p>\n<\/div><\/div>\n<\/div>\n<p class=\"paragraph larva \/\/ lrv-u-margin-lr-auto  lrv-a-font-body-m   \">\n\tAdam was promoted to the head role at the beginning of this year and is now the only woman heading a major label in Canada.<\/p>\n<p class=\"paragraph larva \/\/ lrv-u-margin-lr-auto  lrv-a-font-body-m   \">\n\tAdam\u2019s rise comes after decades of breaking barriers. She started in radio, becoming Canada\u2019s first female Vice President of Radio Programming, and spent more than 20 years at Rogers Sports &amp; Media before moving to Universal in 2023 as EVP &amp; GM. It wasn\u2019t long before she stepped into the top role, taking charge of Canada\u2019s largest record company during a moment of change.<\/p>\n<p class=\"paragraph larva \/\/ lrv-u-margin-lr-auto  lrv-a-font-body-m   \">\n\tUMC is the market share leader amongst labels in Canada (the label has 7 of the top 10 albums year to date), with both domestic success for international artists and rising stardom for homegrown artists.<\/p>\n<p class=\"paragraph larva \/\/ lrv-u-margin-lr-auto  lrv-a-font-body-m   \">\n\tThe past year has seen chart breakthroughs for artists like Josh Ross (who was among the most nominated artists at the Junos and CCMAs) and Toronto pop artist Sofia Camara, who <a href=\"https:\/\/ca.billboard.com\/music\/chart-beat\/sofia-camara-girls-like-you-chart\">hit the Billboard Canadian Hot 100 for the first time this week<\/a>. Other artists, like Mae Martin and Owen Riegling, continue to make a big mark.<\/p>\n<p class=\"paragraph larva \/\/ lrv-u-margin-lr-auto  lrv-a-font-body-m   \">\n\tIt\u2019s no surprise Adam was named to the <a href=\"https:\/\/ca.billboard.com\/powerplayers2025\">Billboard Canada Power Players list<\/a> this year and to <a href=\"https:\/\/www.billboard.com\/pro\/billboard-global-power-players-2025-list\/\">Billboard\u2019s Global Power Players<\/a>.<\/p>\n<p class=\"paragraph larva \/\/ lrv-u-margin-lr-auto  lrv-a-font-body-m   \">\n\tWhat makes Adam stand out \u2014 and what this award underlines \u2014 is not just the business, but the way she leads. Her book Imperfectly Kind doubles as her philosophy: that empathy and generosity can fuel success. Colleagues and artists alike point to her ability to create space for others to thrive, a rare quality in an industry often driven by competition.<\/p>\n<p class=\"paragraph larva \/\/ lrv-u-margin-lr-auto  lrv-a-font-body-m   \">\n\tRead more <a href=\"https:\/\/ca.billboard.com\/business\/record-labels\/julie-adam-executive-of-the-year\">here<\/a>. <em>\u2014 Peony Hirwani<\/em><\/p>\n<h2 class=\"heading larva \/\/   a-font-secondary-fancy-xl   \">\n\t\t<strong>Canadian Music Industry Weighs in on How to Support Canadian Audio Content at CRTC Public Hearings<\/strong>\t<\/h2>\n<p class=\"paragraph larva \/\/ lrv-u-margin-lr-auto  lrv-a-font-body-m   \">\n\tThe Canadian Radio-television and Telecommunications Commission (CRTC)\u2019s \u201cSupporting Canadian and Indigenous audio content\u201d hearings are underway.<\/p>\n<p class=\"paragraph larva \/\/ lrv-u-margin-lr-auto  lrv-a-font-body-m   \">\n\tThe CRTC proceedings are centred around the Online Streaming Act, a legislation that updates Canada\u2019s Broadcasting Act for the new digital media landscape. It\u2019s a <a href=\"https:\/\/ca.billboard.com\/media\/canadian-music-stakeholders-debate-once-in-a-generation-update-to-cancon-regulations\">once-in-a-generation update to CanCon regulations<\/a>, and many stakeholders have been weighing in about how it should be implemented.<\/p>\n<p class=\"paragraph larva \/\/ lrv-u-margin-lr-auto  lrv-a-font-body-m   \">\n\tAn important aspect to these hearings is last year\u2019s CRTC decision to enforce major foreign-owned streaming services with Canadian revenues over $25 million to <a href=\"https:\/\/ca.billboard.com\/business\/streaming\/streaming-base-contributions-crtc\">pay 5% of those revenues<\/a> into Canadian content funds, like FACTOR and Musicaction. It\u2019s been a major hot button issue, with <a href=\"https:\/\/ca.billboard.com\/business\/streaming\/crtc-spotify-apple-amazon-canadian-content\">pushback from the big major streaming services<\/a> like Spotify and Amazon. After appealing the base contributions, the courts <a href=\"https:\/\/ca.billboard.com\/business\/streaming\/streaming-tax-paused-canada\">paused payments<\/a> until an appeal.<\/p>\n<p class=\"paragraph larva \/\/ lrv-u-margin-lr-auto  lrv-a-font-body-m   \">\n\tThat has been a big topic of conversation in arguments over a series of five days of hearings in Gatineau, Quebec, from September 18 to September 29.<\/p>\n<p class=\"paragraph larva \/\/ lrv-u-margin-lr-auto  lrv-a-font-body-m   \">\n\tThe country\u2019s federal government is under <a href=\"https:\/\/ca.billboard.com\/business\/streaming\/us-congress-canada-online-streaming-act\">heavy pressure from the United States<\/a> to forego the base contributions in the legislation, with 18 members of Congress signing a letter, claiming the act \u201cimposes discriminatory obligations and threatens additional obligations imminently is a major threat to our cross-border digital trade relationship.\u201d<\/p>\n<p class=\"paragraph larva \/\/ lrv-u-margin-lr-auto  lrv-a-font-body-m   \">\n\tCRTC regulations state that at least 35% of popular music picks on commercial radio stations must be Canadian content \u2014 but this standard doesn\u2019t currently extend to music streaming services.<\/p>\n<p class=\"paragraph larva \/\/ lrv-u-margin-lr-auto  lrv-a-font-body-m   \">\n\tThe goal of the hearings is to discuss how CanCon regulations can be adjusted in support of the changes taking place in the music industry and the Canadian broadcasting system, including the rise of streaming services, the decline of radio broadcasting alongside increasing support for Indigenous music and diverse Canadian artists.<\/p>\n<p class=\"paragraph larva \/\/ lrv-u-margin-lr-auto  lrv-a-font-body-m   \">\n\tIn its notice of consultation on the hearing that began last week, the CRTC said streamers should \u201ccontribute to the discoverability of Canadian, French-language and Indigenous music either through financial contributions or through initiatives targeting the promotion and exposure of these songs to their users.\u201d<\/p>\n<p class=\"paragraph larva \/\/ lrv-u-margin-lr-auto  lrv-a-font-body-m   \">\n\tRead more about the hearings <a href=\"https:\/\/ca.billboard.com\/business\/streaming\/crtc-cancon-hearings\">here<\/a>. <em>\u2014 Heather Taylor-Singh<\/em><\/p>\n<h2 class=\"heading larva \/\/   a-font-secondary-fancy-xl   \">\n\t\t<strong>Kneecap Say They Haven\u2019t Received Any Formal Notice After Ban From Canada<\/strong>\t<\/h2>\n<p class=\"paragraph larva \/\/ lrv-u-margin-lr-auto  lrv-a-font-body-m   \">\n\tKneecap have yet to receive official confirmation of its ban in Canada.<\/p>\n<p class=\"paragraph larva \/\/ lrv-u-margin-lr-auto  lrv-a-font-body-m   \">\n\tLast Friday (September 19), the Irish hip hop trio was <a href=\"https:\/\/ca.billboard.com\/music\/music-news\/kneecap-blocked-from-canada\">ruled ineligible to enter the country<\/a> by Liberal MP and Parliamentary Secretary for Combating Crime Vince Gasparro in a video posted to X.<\/p>\n<p class=\"paragraph larva \/\/ lrv-u-margin-lr-auto  lrv-a-font-body-m   \">\n\tWhile the ban forces the group to forfeit scheduled concerts in Toronto and Vancouver next month, Kneecap\u2019s manager, <strong>Dan Lambert<\/strong>, said that the band hasn\u2019t gotten any communication from the federal government.<\/p>\n<p class=\"paragraph larva \/\/ lrv-u-margin-lr-auto  lrv-a-font-body-m   \">\n\t\u201cNobody has instructed Kneecap that they can\u2019t travel to Canada except Vince and his social media video,\u201d Lambert tells <a href=\"https:\/\/www.cbc.ca\/news\/politics\/kneecap-ban-canada-1.7640657\" rel=\"nofollow\" target=\"_blank\">CBC News<\/a>.<\/p>\n<p class=\"paragraph larva \/\/ lrv-u-margin-lr-auto  lrv-a-font-body-m   \">\n\tDuring Gasparro\u2019s <a href=\"https:\/\/x.com\/vgasparro\/status\/1969011507070439784?\" rel=\"nofollow\" target=\"_blank\">video<\/a>, he claimed the trio \u201chave amplified political violence and publicly displayed support for terrorist organizations such as Hezbollah and Hamas,\u201d and said he was making the announcement \u201con behalf of the Government of Canada.\u201d<\/p>\n<p class=\"paragraph larva \/\/ lrv-u-margin-lr-auto  lrv-a-font-body-m   \">\n\tThe ruling blocks Kneecap\u2019s planned shows at Toronto\u2019s History on October 14 and 15, as well as concerts at Vancouver\u2019s Vogue Theatre on October 22 and 23.<\/p>\n<p class=\"paragraph larva \/\/ lrv-u-margin-lr-auto  lrv-a-font-body-m   \">\n\tSoon after the news broke out, Kneecap rejected the claims in an <a href=\"https:\/\/www.instagram.com\/p\/DOyf0ssAmZ7\/?\" rel=\"nofollow\" target=\"_blank\">Instagram statement <\/a>addressed directly to Gasparro, calling his remarks \u201cwholly untrue and deeply malicious.\u201d<\/p>\n<p class=\"paragraph larva \/\/ lrv-u-margin-lr-auto  lrv-a-font-body-m   \">\n\tThe trio added that they\u2019ve instructed their lawyer to initiate legal action against Gasparro. \u201cWe will be relentless in defending ourselves against baseless accusations to silence our opposition to a genocide being committed by Israel,\u201d they said.<\/p>\n<p class=\"paragraph larva \/\/ lrv-u-margin-lr-auto  lrv-a-font-body-m   \">\n\tKneecap vowed that if they win in court, they will donate all damages to \u201csome of the thousands of child amputees in Gaza.\u201d<\/p>\n<p class=\"paragraph larva \/\/ lrv-u-margin-lr-auto  lrv-a-font-body-m   \">\n\t\u201cWe\u2019re pretty shocked that this could happen in Canada,\u201d Lambert said to CBC News, adding the band has played in Canada multiple times. He noted that the only country where the group has been banned is Hungary.<\/p>\n<p class=\"paragraph larva \/\/ lrv-u-margin-lr-auto  lrv-a-font-body-m   \">\n\tLambert said the case is due in court on Friday, and he fully expects the band to win.<\/p>\n<p class=\"paragraph larva \/\/ lrv-u-margin-lr-auto  lrv-a-font-body-m   \">\n\tRead more <a href=\"https:\/\/ca.billboard.com\/music\/music-news\/kneecap-ban-from-canada-update\">here<\/a>. \u2013 <em>H.T.S.<\/em><\/p>\n<p><a href=\"https:\/\/ubpass.co\/billboard\" target=\"_blank\" rel=\"noopener noreferrer nofollow\"><br \/>\n  <img decoding=\"async\" src=\"https:\/\/i.imgur.com\/2HpFicp.png\" alt=\"Billboard VIP Pass\" style=\"max-width: 100%;height: auto\"><br \/>\n<\/a><\/p>\n<\/div>\n<\/div>\n<div style=\"margin-top: 0px; margin-bottom: 0px;\" class=\"sharethis-inline-share-buttons\" ><\/div>","protected":false},"excerpt":{"rendered":"<p>Julie Adam is having a milestone year \u2014 and it\u2019s getting even bigger. The president &amp; CEO of Universal Music Canada is this year\u2019s Billboard Canada Executive of the Year.&hellip;<\/p>\n","protected":false},"author":1,"featured_media":0,"comment_status":"closed","ping_status":"closed","sticky":false,"template":"","format":"standard","meta":{"footnotes":""},"categories":[387,502,1113,1114,640,94],"tags":[],"class_list":["post-5497","post","type-post","status-publish","format-standard","hentry","category-business","category-business-news","category-canada","category-in-canada","category-international","category-music-news"],"_links":{"self":[{"href":"https:\/\/musictechohio.online\/site\/wp-json\/wp\/v2\/posts\/5497","targetHints":{"allow":["GET"]}}],"collection":[{"href":"https:\/\/musictechohio.online\/site\/wp-json\/wp\/v2\/posts"}],"about":[{"href":"https:\/\/musictechohio.online\/site\/wp-json\/wp\/v2\/types\/post"}],"author":[{"embeddable":true,"href":"https:\/\/musictechohio.online\/site\/wp-json\/wp\/v2\/users\/1"}],"replies":[{"embeddable":true,"href":"https:\/\/musictechohio.online\/site\/wp-json\/wp\/v2\/comments?post=5497"}],"version-history":[{"count":0,"href":"https:\/\/musictechohio.online\/site\/wp-json\/wp\/v2\/posts\/5497\/revisions"}],"wp:attachment":[{"href":"https:\/\/musictechohio.online\/site\/wp-json\/wp\/v2\/media?parent=5497"}],"wp:term":[{"taxonomy":"category","embeddable":true,"href":"https:\/\/musictechohio.online\/site\/wp-json\/wp\/v2\/categories?post=5497"},{"taxonomy":"post_tag","embeddable":true,"href":"https:\/\/musictechohio.online\/site\/wp-json\/wp\/v2\/tags?post=5497"}],"curies":[{"name":"wp","href":"https:\/\/api.w.org\/{rel}","templated":true}]}}